[{"@context":"https:\/\/schema.org\/","@type":"Article","@id":"https:\/\/www.daipa.cz\/otec-a-syn\/#Article","mainEntityOfPage":"https:\/\/www.daipa.cz\/otec-a-syn\/","headline":"Otec a syn","name":"Otec a syn","description":"Sly\u0161el, jak \u0159idi\u010d otev\u00edr\u00e1 hlavn\u00ed dve\u0159e a jak otec mluv\u00ed s jednou slu\u017eebnou. Nem\u011bl by tu b\u00fdt s\u00e1m, ale nedok\u00e1zal odolat. Interi\u00e9rov\u00e9 dve\u0159e z n\u00e1dhern\u00e9ho t\u0159e\u0161\u0148ov\u00e9ho d\u0159eva byly zav\u0159en\u00e9, ale to Adama nezastavilo, aby ve\u0161el dovnit\u0159 a nechal nostalgii a vzpom\u00ednky na d\u011btstv\u00ed, aby ovl\u00e1dly jeho nitro. Z\u00e1kony dom\u00e1cnosti Otec nebude nad\u0161en\u00fd, \u017ee se jeho [&hellip;]","datePublished":"2024-12-11","dateModified":"2024-12-11","author":{"@type":"Person","@id":"https:\/\/www.daipa.cz\/author\/#Person","name":"","url":"https:\/\/www.daipa.cz\/author\/","identifier":1,"image":{"@type":"ImageObject","@id":"https:\/\/secure.gravatar.com\/avatar\/1fd5b20daa9a47a1102459a7c733d369075d8cc724ab489feb8ed72c657d346e?s=96&d=mm&r=g","url":"https:\/\/secure.gravatar.com\/avatar\/1fd5b20daa9a47a1102459a7c733d369075d8cc724ab489feb8ed72c657d346e?s=96&d=mm&r=g","height":96,"width":96}},"publisher":{"@type":"Organization","name":"daipa.cz","logo":{"@type":"ImageObject","@id":"\/logo.png","url":"\/logo.png","width":600,"height":60}},"url":"https:\/\/www.daipa.cz\/otec-a-syn\/","wordCount":180,"articleBody":"Sly\u0161el, jak \u0159idi\u010d otev\u00edr\u00e1 hlavn\u00ed dve\u0159e a jak otec mluv\u00ed s jednou slu\u017eebnou. Nem\u011bl by tu b\u00fdt s\u00e1m, ale nedok\u00e1zal odolat. Interi\u00e9rov\u00e9 dve\u0159e z n\u00e1dhern\u00e9ho t\u0159e\u0161\u0148ov\u00e9ho d\u0159eva byly zav\u0159en\u00e9, ale to Adama nezastavilo, aby ve\u0161el dovnit\u0159 a nechal nostalgii a vzpom\u00ednky na d\u011btstv\u00ed, aby ovl\u00e1dly jeho nitro. Z\u00e1kony dom\u00e1cnosti Otec nebude nad\u0161en\u00fd, \u017ee se jeho syn odv\u00e1\u017eil vej\u00edt do jeho pracovny bez p\u0159\u00edtomnosti otce, nav\u00edc bez dovolen\u00ed. Zvl\u00e1\u0161\u0165 kdy\u017e v n\u00e1ru\u010d\u00ed dr\u017eel l\u00ednaj\u00edc\u00edho Sira Kol\u00e1\u010dka, kter\u00fd na protest zam\u0148oukal, kdy\u017e se ho Adam pokusil polo\u017eit na zem. Cht\u011bl alespo\u0148 kocoura vyhnat z pracovny, ale ten se mu usadil v n\u00e1ru\u010d\u00ed a nikam necht\u011bl. Otec se bl\u00ed\u017eil ke sv\u00e9 pracovn\u011b a Adam doufal, \u017ee po roce r\u00e1d uvid\u00ed sv\u00e9ho syna, a\u010dkoli pr\u00e1v\u011b poru\u0161il prvn\u00ed a nejp\u0159\u00edsn\u011bj\u0161\u00ed z\u00e1kon t\u00e9to dom\u00e1cnosti.                                                                                                                                                                                                                                                                                                                                                                                        4.7\/5 - (3 votes)        "},{"@context":"https:\/\/schema.org\/","@type":"BreadcrumbList","itemListElement":[{"@type":"ListItem","position":1,"name":"Otec a syn","item":"https:\/\/www.daipa.cz\/otec-a-syn\/#breadcrumbitem"}]}]