[{"@context":"https:\/\/schema.org\/","@type":"Article","@id":"https:\/\/www.daipa.cz\/moda-a-nas-pohled-na-ni\/#Article","mainEntityOfPage":"https:\/\/www.daipa.cz\/moda-a-nas-pohled-na-ni\/","headline":"M\u00f3da a n\u00e1\u0161 pohled na ni","name":"M\u00f3da a n\u00e1\u0161 pohled na ni","description":"M\u00f3dou se rozum\u00ed outfit, kter\u00fd je moment\u00e1ln\u011b na trhu trendy. Lidi se za\u010dle\u0148uj\u00ed do skupiny, kdy se v danou dobu obl\u00e9kaj\u00ed do toho, co je pr\u00e1v\u011b te\u010f IN. Samoz\u0159ejm\u011b se neli\u0161\u00ed jen t\u00edm, \u017ee jsou to nov\u00e9 modely st\u00e1vaj\u00edc\u00ed kolekce, ale i ro\u010dn\u00edm obdob\u00edm, kde se st\u0159\u00eddaj\u00ed barevn\u00e9 t\u00f3ny oble\u010den\u00ed. Mus\u00edme si ale uv\u011bdomit, \u017ee [&hellip;]","datePublished":"2021-11-08","dateModified":"2021-11-08","author":{"@type":"Person","@id":"https:\/\/www.daipa.cz\/author\/#Person","name":"","url":"https:\/\/www.daipa.cz\/author\/","identifier":1,"image":{"@type":"ImageObject","@id":"https:\/\/secure.gravatar.com\/avatar\/1fd5b20daa9a47a1102459a7c733d369075d8cc724ab489feb8ed72c657d346e?s=96&d=mm&r=g","url":"https:\/\/secure.gravatar.com\/avatar\/1fd5b20daa9a47a1102459a7c733d369075d8cc724ab489feb8ed72c657d346e?s=96&d=mm&r=g","height":96,"width":96}},"publisher":{"@type":"Organization","name":"daipa.cz","logo":{"@type":"ImageObject","@id":"\/logo.png","url":"\/logo.png","width":600,"height":60}},"image":{"@type":"ImageObject","@id":"https:\/\/www.daipa.cz\/wp-content\/uploads\/catwalk-1840941_960_720.jpg","url":"https:\/\/www.daipa.cz\/wp-content\/uploads\/catwalk-1840941_960_720.jpg","height":0,"width":0},"url":"https:\/\/www.daipa.cz\/moda-a-nas-pohled-na-ni\/","about":["M\u00f3da"],"wordCount":680,"articleBody":"M\u00f3dou se rozum\u00ed outfit, kter\u00fd je moment\u00e1ln\u011b na trhu trendy. Lidi se za\u010dle\u0148uj\u00ed do skupiny, kdy se v danou dobu obl\u00e9kaj\u00ed do toho, co je pr\u00e1v\u011b te\u010f IN. Samoz\u0159ejm\u011b se neli\u0161\u00ed jen t\u00edm, \u017ee jsou to nov\u00e9 modely st\u00e1vaj\u00edc\u00ed kolekce, ale i ro\u010dn\u00edm obdob\u00edm, kde se st\u0159\u00eddaj\u00ed barevn\u00e9 t\u00f3ny oble\u010den\u00ed. Mus\u00edme si ale uv\u011bdomit, \u017ee m\u00f3da nez\u016fst\u00e1v\u00e1 st\u00e1le stejn\u00e1 a po ur\u010dit\u00e9m \u010dase, kdy je dan\u00e1 M\u00d3DA roz\u0161\u00ed\u0159en\u00e1 se m\u011bn\u00ed. V tuto chv\u00edli p\u0159ich\u00e1z\u00ed na trh nov\u00e9 outfity, kter\u00e9 se dostanou na prvn\u00ed p\u0159\u00ed\u010dku p\u0159ed ty p\u0159edch\u00e1zej\u00edc\u00ed.DR\u017d\u00cdME KROK S M\u00d3DOU NEBO SI JEDEME TO SVOJE?Nejsp\u00ed\u0161 to nen\u00ed d\u00e1no v\u011bkem \u017een a mu\u017e\u016f. N\u011bkdo si na m\u00f3dn\u00ed trendy potrp\u00ed, jin\u00ed zase ne. Ten kdo se z cel\u00e9ho srdce v\u011bnuje m\u00f3dn\u00ed sf\u00e9\u0159e a je to jeho ikonou, pak si nenech\u00e1 uj\u00edt nov\u00e9 outfity, kter\u00fdmi je fascinov\u00e1n. Ka\u017ed\u00e9mu d\u011bl\u00e1 radost nov\u00fd kousek, kter\u00fdm obohat\u00ed sv\u016fj \u0161atn\u00edk. Jsou lid\u00ed, kter\u00fdm pr\u00e1v\u011b M\u00d3DA nic ne\u0159\u00edk\u00e1 a dr\u017e\u00ed se toho sv\u00e9ho, co r\u00e1d nos\u00ed. Nemusej\u00ed se neust\u00e1le ohl\u00ed\u017eet pr\u00e1v\u011b za t\u00edm, co je moment\u00e1ln\u011b v kurzu, co se nos\u00ed a nenos\u00ed. Prost\u011b maj\u00ed sv\u016fj styl. kter\u00e9ho se dr\u017e\u00ed. Pr\u00e1v\u011b i styl obl\u00e9k\u00e1n\u00ed \u010dlov\u011bka s t\u00edm hluboce souvis\u00ed. Ka\u017ed\u00e9ho nemus\u00ed okouzlit pr\u00e1v\u011b to, co je nej\u017ehav\u011bj\u0161\u00edm modelem. Mohou pro n\u00e1s znamenat, \u017ee to jsou nepochopiteln\u00e9 m\u00f3dn\u00ed v\u00fdst\u0159elky, kter\u00e9 bychom na sebe nikdy neobl\u00e9kli.\u00a0KDO DR\u017d\u00cd KROK S M\u00d3DOU?Najdou se mezi n\u00e1mi jedinci, co se m\u00f3dou dr\u017e\u00ed a nesch\u00e1zej\u00ed s cesty. Ale mezi osoby, kter\u00e9 se \u0159\u00edd\u00ed t\u00edm, co je pr\u00e1v\u011b in jsou p\u0159ev\u00e1\u017en\u011b celebrity, kter\u00e9 se ukazuj\u00ed na ve\u0159ejnosti neust\u00e1le. Ned\u00e1 se \u0159\u00edci, \u017ee jim ob\u010das n\u011bjak\u00fd ten kousek nekaz\u00ed image a jejich popularitu, co se t\u00fdk\u00e1 m\u00f3dn\u00ed policie. Ob\u010das vid\u00edme opravdu odv\u00e1\u017en\u00e9 a nebo naopak katastrof\u00e1ln\u00ed outfity. No, pro n\u011b to naopak m\u016f\u017ee b\u00fdt kousek, ten nejlep\u0161\u00ed.M\u00d3DA NEN\u00cd JEN OBLE\u010cEN\u00cdZa to, co je m\u00f3dn\u00ed m\u016f\u017eeme pova\u017eovat ve\u0161ker\u00e9 dopl\u0148ky, kter\u00e9 nos\u00edme spolu s oble\u010den\u00edm. Jeden rok je velk\u00fdm hitem klobouk, pak ho st\u0159\u00edd\u00e1 vytahan\u00e1 \u010depice. Kabelky se tak\u00e9 obm\u011b\u0148uj\u00ed, nevid\u00edte jednu a tu samou. Model kabelky, kter\u00fd byl \u017e\u00e1dan\u00fd p\u0159ed p\u016fl rokem, m\u016f\u017ee b\u00fdt v tuto dobu out. Tak je to s boty.K z\u00e1v\u011bru mus\u00edme \u0159\u00edct, \u017ee v\u0161ichni se m\u00f3dn\u00edch trend\u016f kter\u00e9 pr\u00e1v\u011b fr\u010d\u00ed nedr\u017e\u00edme. Jak oble\u010den\u00ed tak dopl\u0148ky vyb\u00edr\u00e1me podle toho, jak\u00fd m\u00e1me styl a ne podle toho co je pr\u00e1v\u011b na sc\u00e9n\u011b. Pokud jsme sami sebou, dr\u017e\u00edme se toho sv\u00e9ho stylu, jak je na\u0161im zvykem. Bez ohledu na ostatn\u00ed se \u0159\u00edd\u00edme t\u00edm, co r\u00e1di nos\u00edme.Pokud V\u00e1s i tak tr\u00e1p\u00ed my\u0161lenka, zda se neobl\u00e9k\u00e1te n\u011bjak\u00fdm nevhodn\u00fdm zp\u016fsobem, netrapte se t\u00edm. Ti ostatn\u00ed, co V\u00e1\u0161 outfit odsuzuj\u00ed mo\u017en\u00e1 nemaj\u00ed ten stejn\u00fd vkus. D\u016fle\u017eit\u00e9 je, aby se ka\u017ed\u00fd c\u00edtil dob\u0159e v tom, co mu vyhovuje. Jak by to asi vypadalo, kdybychom se v\u0161ichni obl\u00e9kali podle kolekce, kter\u00e1 je pr\u00e1v\u011b v te\u010f v kurzu? Nejsme stejn\u00ed, nem\u00e1me stejn\u00fd styl, tak pro\u010d se obl\u00e9kat tak, jak n\u00e1m n\u011bkdo ur\u010d\u00ed, co je pr\u00e1v\u011b na vrcholu? Ten kdo chce b\u00fdt m\u00f3dn\u00ed a\u0165 se dr\u017e\u00ed tabulky, co je in a co ne. My ostatn\u00ed pojedeme podle sv\u00e9ho vkusu, kter\u00fd se n\u00e1m l\u00edb\u00ed.                                                                                                                                                                                                                                                                                                                                                                                        4.5\/5 - (6 votes)        "},{"@context":"https:\/\/schema.org\/","@type":"BreadcrumbList","itemListElement":[{"@type":"ListItem","position":1,"name":"M\u00f3da a n\u00e1\u0161 pohled na ni","item":"https:\/\/www.daipa.cz\/moda-a-nas-pohled-na-ni\/#breadcrumbitem"}]}]