[{"@context":"https:\/\/schema.org\/","@type":"Article","@id":"https:\/\/www.daipa.cz\/jak-resi-firemni-stravovani-praha-a-jake-ma-problemy-firemni-stravovani-na-praze\/#Article","mainEntityOfPage":"https:\/\/www.daipa.cz\/jak-resi-firemni-stravovani-praha-a-jake-ma-problemy-firemni-stravovani-na-praze\/","headline":"Jak \u0159e\u0161\u00ed firemn\u00ed stravov\u00e1n\u00ed Praha, a jak\u00e9 m\u00e1 probl\u00e9my firemn\u00ed stravov\u00e1n\u00ed na Praze","name":"Jak \u0159e\u0161\u00ed firemn\u00ed stravov\u00e1n\u00ed Praha, a jak\u00e9 m\u00e1 probl\u00e9my firemn\u00ed stravov\u00e1n\u00ed na Praze","description":"Asi nikdo nebude rozporovat fakt, \u017ee i zam\u011bstnanci mus\u00ed j\u00edst. Koneckonc\u016f maj\u00ed i ze z\u00e1kona n\u00e1rok na p\u0159est\u00e1vku na j\u00eddlo v d\u00e9lce minim\u00e1ln\u011b p\u016fl hodiny, kter\u00e1 nesm\u00ed b\u00fdt za\u0159azena na za\u010d\u00e1tek ani na konec pracovn\u00ed doby. A a\u010dkoliv se najdou lid\u00e9, kte\u0159\u00ed ob\u011bd vynech\u00e1vaj\u00ed, p\u0159esto se najde mnoho lid\u00ed, zvl\u00e1\u0161t\u011b ve fyzicky n\u00e1ro\u010dn\u011bj\u0161\u00edch profes\u00edch, kte\u0159\u00ed [&hellip;]","datePublished":"2020-09-21","dateModified":"2023-04-29","author":{"@type":"Person","@id":"https:\/\/www.daipa.cz\/author\/#Person","name":"","url":"https:\/\/www.daipa.cz\/author\/","identifier":1,"image":{"@type":"ImageObject","@id":"https:\/\/secure.gravatar.com\/avatar\/1fd5b20daa9a47a1102459a7c733d369075d8cc724ab489feb8ed72c657d346e?s=96&d=mm&r=g","url":"https:\/\/secure.gravatar.com\/avatar\/1fd5b20daa9a47a1102459a7c733d369075d8cc724ab489feb8ed72c657d346e?s=96&d=mm&r=g","height":96,"width":96}},"publisher":{"@type":"Organization","name":"daipa.cz","logo":{"@type":"ImageObject","@id":"\/logo.png","url":"\/logo.png","width":600,"height":60}},"image":{"@type":"ImageObject","@id":"https:\/\/www.daipa.cz\/wp-content\/uploads\/img_a387302_w2718_t1600935684.jpg","url":"https:\/\/www.daipa.cz\/wp-content\/uploads\/img_a387302_w2718_t1600935684.jpg","height":0,"width":0},"url":"https:\/\/www.daipa.cz\/jak-resi-firemni-stravovani-praha-a-jake-ma-problemy-firemni-stravovani-na-praze\/","about":["Business"],"wordCount":423,"articleBody":"        Asi nikdo nebude rozporovat fakt, \u017ee i zam\u011bstnanci mus\u00ed j\u00edst. Koneckonc\u016f maj\u00ed i ze z\u00e1kona n\u00e1rok na p\u0159est\u00e1vku na j\u00eddlo v d\u00e9lce minim\u00e1ln\u011b p\u016fl hodiny, kter\u00e1 nesm\u00ed b\u00fdt za\u0159azena na za\u010d\u00e1tek ani na konec pracovn\u00ed doby. A a\u010dkoliv se najdou lid\u00e9, kte\u0159\u00ed ob\u011bd vynech\u00e1vaj\u00ed, p\u0159esto se najde mnoho lid\u00ed, zvl\u00e1\u0161t\u011b ve fyzicky n\u00e1ro\u010dn\u011bj\u0161\u00edch profes\u00edch, kte\u0159\u00ed bez n\u011bj b\u00fdt nemohou.  Ot\u00e1zkou tedy je, jak tento probl\u00e9m vy\u0159e\u0161it. N\u011bkte\u0159\u00ed lid\u00e9 si nos\u00ed ob\u011bd z domova, \u010di si b\u011bhem on\u00e9 pauzy sko\u010d\u00ed do bl\u00edzk\u00e9ho kr\u00e1mku koupit n\u011bco k zakousnut\u00ed, av\u0161ak ne v\u0161ichni maj\u00ed tu mo\u017enost. Nap\u0159\u00edklad ti, co pracuj\u00ed v pr\u016fmyslov\u00fdch hal\u00e1ch na okraji m\u011bsta, maj\u00ed probl\u00e9m, nebo\u0165 v okol\u00ed obvykle \u017e\u00e1dn\u00e9 p\u0159\u00edhodn\u00e9 kr\u00e1mky nejsou. A to plat\u00ed i o Praze. Mohlo by se zd\u00e1t, \u017ee na\u0161e hlavn\u00ed m\u011bsto n\u011b\u010d\u00edm takov\u00fdm netrp\u00ed. Koneckonc\u016f, kdy\u017e jej nav\u0161t\u00edv\u00edte, vid\u00edte obchody na ka\u017ed\u00e9m rohu. To je pravda, av\u0161ak v odlehlej\u0161\u00edch okrajov\u00fdch \u010d\u00e1stech, kde naprost\u00e1 v\u011bt\u0161ina t\u011bchto komplex\u016f stoj\u00ed, je tomu jinak. Proto je firemn\u00ed stravov\u00e1n\u00ed Praha pom\u011brn\u011b obl\u00edben\u00e9. Umo\u017e\u0148uje zam\u011bstnanc\u016fm se dob\u0159e naj\u00edst, a\u010dkoliv jsou d\u00e1le od obchodu, p\u0159\u00edpadn\u011b nemaj\u00ed kuchy\u0148ku, kde by si mohli j\u00eddlo oh\u0159\u00e1t. Av\u0161ak firemn\u00ed stravov\u00e1n\u00ed na Praze m\u00e1 sv\u00e9 zvl\u00e1\u0161tnosti. Ty vypl\u00fdvaj\u00ed p\u0159edev\u0161\u00edm z jej\u00ed velikosti. Firmy, kter\u00e9 j\u00eddlo p\u0159iv\u00e1\u017e\u00ed, se jej sna\u017e\u00ed dodat je\u0161t\u011b tepl\u00e9. Av\u0161ak co kdy\u017e si jej objedn\u00e1 n\u011bkdo z druh\u00e9ho konce m\u011bsta? Ne\u017e se dostanou na m\u00edsto, zvl\u00e1\u0161t\u011b ve \u0161pi\u010dce, pak bude v\u0161e d\u00e1vno studen\u00e9.  Tento probl\u00e9m \u0159e\u0161\u00ed t\u00edm, \u017ee maj\u00ed okruh, kam zav\u00e1\u017e\u00ed. Ten maj\u00ed uve\u0159ejn\u011bn\u00fd na sv\u00fdch internetov\u00fdch str\u00e1nk\u00e1ch. Na zam\u011bstnavateli je pak naj\u00edt takovou, kter\u00e1 zav\u00e1\u017e\u00ed i do m\u00edsta, kde je jeho firma. To samoz\u0159ejm\u011b nemus\u00ed b\u00fdt v\u017edy jednoduch\u00e9, av\u0161ak v\u011b\u0159te, \u017ee zam\u011bstnanci to ocen\u00ed. A \u010d\u00edm jsou spokojen\u011bj\u0161\u00ed, t\u00edm lep\u0161\u00ed v\u00fdkon podaj\u00ed. \u010c\u00edm lep\u0161\u00ed v\u00fdkon podaj\u00ed, t\u00edm v\u00edc toho vyrob\u00ed, a t\u00edm v\u011bt\u0161\u00ed bude i zisk. A o to jde hlavn\u011b, ne?                                                                                                                                                                                                                                                                                                                                                                                         3.7\/5 - (3 votes)        "},{"@context":"https:\/\/schema.org\/","@type":"BreadcrumbList","itemListElement":[{"@type":"ListItem","position":1,"name":"Jak \u0159e\u0161\u00ed firemn\u00ed stravov\u00e1n\u00ed Praha, a jak\u00e9 m\u00e1 probl\u00e9my firemn\u00ed stravov\u00e1n\u00ed na Praze","item":"https:\/\/www.daipa.cz\/jak-resi-firemni-stravovani-praha-a-jake-ma-problemy-firemni-stravovani-na-praze\/#breadcrumbitem"}]}]