[{"@context":"https:\/\/schema.org\/","@type":"Article","@id":"https:\/\/www.daipa.cz\/dovolena-v-retro-stylu-filmu-andel-na-horach\/#Article","mainEntityOfPage":"https:\/\/www.daipa.cz\/dovolena-v-retro-stylu-filmu-andel-na-horach\/","headline":"Dovolen\u00e1 v retro stylu filmu And\u011bl na hor\u00e1ch","name":"Dovolen\u00e1 v retro stylu filmu And\u011bl na hor\u00e1ch","description":"Jist\u011b dob\u0159e zn\u00e1te legend\u00e1rn\u00ed filmov\u00e9 zpracov\u00e1n\u00ed jedn\u00e9 z\u00a0nej\u00fasp\u011b\u0161n\u011bj\u0161\u00edch komedi\u00ed stolet\u00ed s\u00a0n\u00e1zvem And\u011bl na hor\u00e1ch. Celkov\u00e9 pojet\u00ed, p\u0159\u00edb\u011bh, prvotn\u00ed my\u0161lenka kolektivismu a prost\u0159ed\u00ed zapadaj\u00edc\u00ed do poloviny pades\u00e1t\u00fdch let, to v\u0161e zn\u00e1 v\u011bt\u0161ina z\u00a0n\u00e1s pouze z\u00a0vypr\u00e1v\u011bn\u00ed. Z\u00a0t\u00e9 doby se zachovalo jen mal\u00e9 mno\u017estv\u00ed hmotn\u00fdch indici\u00ed, ale zd\u00e1 se, \u017ee duch t\u00e9 doby k\u00a0n\u00e1m promlouv\u00e1 neust\u00e1le. Spole\u010dnost\u00ed doslova [&hellip;]","datePublished":"2025-02-28","dateModified":"2023-04-29","author":{"@type":"Person","@id":"https:\/\/www.daipa.cz\/author\/#Person","name":"","url":"https:\/\/www.daipa.cz\/author\/","identifier":1,"image":{"@type":"ImageObject","@id":"https:\/\/secure.gravatar.com\/avatar\/1fd5b20daa9a47a1102459a7c733d369075d8cc724ab489feb8ed72c657d346e?s=96&d=mm&r=g","url":"https:\/\/secure.gravatar.com\/avatar\/1fd5b20daa9a47a1102459a7c733d369075d8cc724ab489feb8ed72c657d346e?s=96&d=mm&r=g","height":96,"width":96}},"publisher":{"@type":"Organization","name":"daipa.cz","logo":{"@type":"ImageObject","@id":"\/logo.png","url":"\/logo.png","width":600,"height":60}},"image":{"@type":"ImageObject","@id":"https:\/\/www.daipa.cz\/wp-content\/uploads\/img_a341164_w2718_t1553941293.jpg","url":"https:\/\/www.daipa.cz\/wp-content\/uploads\/img_a341164_w2718_t1553941293.jpg","height":0,"width":0},"url":"https:\/\/www.daipa.cz\/dovolena-v-retro-stylu-filmu-andel-na-horach\/","about":["Dovolen\u00e1"],"wordCount":396,"articleBody":"Jist\u011b dob\u0159e zn\u00e1te legend\u00e1rn\u00ed filmov\u00e9 zpracov\u00e1n\u00ed jedn\u00e9 z\u00a0nej\u00fasp\u011b\u0161n\u011bj\u0161\u00edch komedi\u00ed stolet\u00ed s\u00a0n\u00e1zvem And\u011bl na hor\u00e1ch. Celkov\u00e9 pojet\u00ed, p\u0159\u00edb\u011bh, prvotn\u00ed my\u0161lenka kolektivismu a prost\u0159ed\u00ed zapadaj\u00edc\u00ed do poloviny pades\u00e1t\u00fdch let, to v\u0161e zn\u00e1 v\u011bt\u0161ina z\u00a0n\u00e1s pouze z\u00a0vypr\u00e1v\u011bn\u00ed. Z\u00a0t\u00e9 doby se zachovalo jen mal\u00e9 mno\u017estv\u00ed hmotn\u00fdch indici\u00ed, ale zd\u00e1 se, \u017ee duch t\u00e9 doby k\u00a0n\u00e1m promlouv\u00e1 neust\u00e1le.\tSpole\u010dnost\u00ed doslova h\u00fdbe vlna retro. Ta se pochopiteln\u011b t\u011b\u0161\u00ed nejv\u011bt\u0161\u00edmu z\u00e1jmu obdob\u00ed 70. a 80. let, ale n\u011bkter\u00e9 pozitivn\u00ed okam\u017eiky si r\u00e1di vybav\u00edme i z\u00a0doby kr\u00e1tce po v\u00e1lce. Tehdy se budovaly kulturn\u00ed domy, l\u00e9\u010debn\u00e9 are\u00e1ly, n\u00e1kupn\u00ed st\u0159ediska a zotavovny ROH. Jednou z\u00a0nich byla i zotavovna s\u00a0n\u00e1zvem Morava v\u00a0Tatransk\u00e9 Lomnici. Ta tu stoj\u00ed dodnes a od doby sv\u00e9ho vzniku ji\u017e p\u0159iv\u00edtala statis\u00edce rekreant\u016f.\t\tT\u011bmi se v\u00a0dob\u011b nat\u00e1\u010den\u00ed filmu stali i Jaroslav Marvan, Josef Kemr, Stella Z\u00e1zvorkov\u00e1, Milena Dvorsk\u00e1 a \u0159ada dal\u0161\u00edch vynikaj\u00edc\u00edch protagonist\u016f. P\u0159i sledov\u00e1n\u00ed d\u011bje v\u00e1s zahal\u00ed cosi velmi zvl\u00e1\u0161tn\u00edho, jak\u00e9si fluidum lidsk\u00e9 pospolitosti, p\u0159itom nenucen\u00e9 a spont\u00e1nn\u00ed, a\u010dkoli se v\u0161e odehr\u00e1v\u00e1 na pozad\u00ed spolupr\u00e1ce se Sov\u011btsk\u00fdm svazem v\u00a0\u010dele s\u00a0Josifem Stalinem. Film je mo\u017en\u00e9 shl\u00e9dnout v\u00edcekr\u00e1t a poka\u017ed\u00e9 v\u00e1s oslov\u00ed. To se tak\u00e9 p\u0159ihodilo n\u011bkter\u00fdm lidem ve veden\u00ed \u010cesk\u00fdch drah, kte\u0159\u00ed se rozhodli vypravit n\u011bkolik vlakov\u00fdch speci\u00e1l\u016f. Ty vyjedou v\u00a0roce 2019 v\u00a0\u00fanoru, b\u0159eznu, dubnu a v\u00a0\u010dervnu z\u00a0Prahy do Popradu s\u00a0c\u00edlem ubytovat z\u00e1jemce o rekreaci skute\u010dn\u011b netradi\u010dn\u00ed. \u00a0\u00a0\u00a0\t\tRekreace jako ve filmu\tPobyt v\u00a0zotavovn\u011b Morava bude koncipov\u00e1n jako nostalgick\u00e9 ohl\u00e9dnut\u00ed. Lid\u00e9 se prvn\u00ed den po p\u0159\u00edjezdu sezn\u00e1m\u00ed na ve\u010d\u00edrku, budou poka\u017ed\u00e9 buzeni centr\u00e1ln\u00edm rozhlasem, denn\u011b se bude prov\u00e1d\u011bt rozcvi\u010dka a kulturn\u00ed referentka se bude starat o z\u00e1bavn\u00fd program. Sou\u010d\u00e1st\u00ed vlakov\u00e9 soupravy do Popradu bude i l\u016f\u017ekov\u00fd v\u016fz a tak\u00e9 tzv. spole\u010densk\u00fd vag\u00f3n, kter\u00fd bude upraven\u00fd z\u00a0p\u016fvodn\u00edho restaura\u010dn\u00edho vozu.                                                                                                                                                                                                                                                                                                                                                                                        4\/5 - (11 votes)        "},{"@context":"https:\/\/schema.org\/","@type":"BreadcrumbList","itemListElement":[{"@type":"ListItem","position":1,"name":"Dovolen\u00e1 v retro stylu filmu And\u011bl na hor\u00e1ch","item":"https:\/\/www.daipa.cz\/dovolena-v-retro-stylu-filmu-andel-na-horach\/#breadcrumbitem"}]}]