[{"@context":"https:\/\/schema.org\/","@type":"Article","@id":"https:\/\/www.daipa.cz\/dovolena-jedeme-s-obytnym-autem\/#Article","mainEntityOfPage":"https:\/\/www.daipa.cz\/dovolena-jedeme-s-obytnym-autem\/","headline":"Dovolen\u00e1. Jedeme s obytn\u00fdm autem!","name":"Dovolen\u00e1. Jedeme s obytn\u00fdm autem!","description":"\u0158\u00edzen\u00ed modern\u00edho obytn\u00e9ho automobilu se ni\u010d\u00edm neli\u0161\u00ed od \u0159\u00edzen\u00ed b\u011b\u017en\u00e9ho automobilu. Samoz\u0159ejm\u011b nem\u016f\u017eeme po\u010d\u00edtat s n\u011bjakou akcelerac\u00ed jako u sportovn\u00edho vozu, ani v zat\u00e1\u010dk\u00e1ch nebude pr\u016fjezd stejn\u011b komfortn\u00ed jako s b\u011b\u017en\u00fdm vozem. Jinak n\u011bjak\u00e9 velk\u00e9 obt\u00ed\u017ee ne\u010dekejte. Je to, jako byste sedli do, dvacet let star\u00e9ho komb\u00edku. A mo\u017en\u00e1 dokonce lep\u0161\u00ed. P\u0159i b\u011b\u017en\u00e9 j\u00edzd\u011b si [&hellip;]","datePublished":"2025-03-01","dateModified":"2023-04-29","author":{"@type":"Person","@id":"https:\/\/www.daipa.cz\/author\/#Person","name":"","url":"https:\/\/www.daipa.cz\/author\/","identifier":1,"image":{"@type":"ImageObject","@id":"https:\/\/secure.gravatar.com\/avatar\/1fd5b20daa9a47a1102459a7c733d369075d8cc724ab489feb8ed72c657d346e?s=96&d=mm&r=g","url":"https:\/\/secure.gravatar.com\/avatar\/1fd5b20daa9a47a1102459a7c733d369075d8cc724ab489feb8ed72c657d346e?s=96&d=mm&r=g","height":96,"width":96}},"publisher":{"@type":"Organization","name":"daipa.cz","logo":{"@type":"ImageObject","@id":"\/logo.png","url":"\/logo.png","width":600,"height":60}},"image":{"@type":"ImageObject","@id":"https:\/\/www.daipa.cz\/wp-content\/uploads\/img_a330114_w2718_t1542660314.jpg","url":"https:\/\/www.daipa.cz\/wp-content\/uploads\/img_a330114_w2718_t1542660314.jpg","height":0,"width":0},"url":"https:\/\/www.daipa.cz\/dovolena-jedeme-s-obytnym-autem\/","about":["Dovolen\u00e1"],"wordCount":482,"articleBody":"\u0158\u00edzen\u00ed modern\u00edho obytn\u00e9ho automobilu se ni\u010d\u00edm neli\u0161\u00ed od \u0159\u00edzen\u00ed b\u011b\u017en\u00e9ho automobilu. Samoz\u0159ejm\u011b nem\u016f\u017eeme po\u010d\u00edtat s n\u011bjakou akcelerac\u00ed jako u sportovn\u00edho vozu, ani v zat\u00e1\u010dk\u00e1ch nebude pr\u016fjezd stejn\u011b komfortn\u00ed jako s b\u011b\u017en\u00fdm vozem. Jinak n\u011bjak\u00e9 velk\u00e9 obt\u00ed\u017ee ne\u010dekejte. Je to, jako byste sedli do, dvacet let star\u00e9ho komb\u00edku. A mo\u017en\u00e1 dokonce lep\u0161\u00ed.\tP\u0159i b\u011b\u017en\u00e9 j\u00edzd\u011b si dob\u0159e rozm\u00fd\u0161lejte p\u0159edj\u00ed\u017ed\u011bn\u00ed. To co v\u00e1\u0161 v\u016fz, kter\u00fdm jezd\u00edte denn\u011b, zvl\u00e1dne za vte\u0159inu dv\u011b, bude obytn\u00fd v\u016fz zvl\u00e1dat zhruba za dvojn\u00e1sobek. Tak\u00e9 budete muset p\u0159em\u00fd\u0161let p\u0159i brzd\u011bn\u00ed a doj\u00ed\u017ed\u011bn\u00ed k p\u0159ek\u00e1\u017ek\u00e1m. Nem\u016f\u017eete si dovolit dupnout na brzdu a u\u017e\u00edvat si jak v\u00e1s dr\u017e\u00ed bezpe\u010dnostn\u00ed p\u00e1sy. Ne \u017ee by to ne\u0161lo. Jen byste m\u011bli ve sk\u0159\u00ednk\u00e1ch p\u0159eskl\u00e1dan\u00e9 n\u00e1dob\u00ed. A to ur\u010dit\u011b nechcete.\t\tP\u0159ed vyjet\u00edm na dovolenou si dopl\u0148te v\u0161echny z\u00e1sobn\u00edky. Na vodu, na chemii u WC, zkontrolujte klimatizaci. Tak\u00e9 vypr\u00e1zdn\u011bte j\u00edmac\u00ed n\u00e1dr\u017e na odpadn\u00ed vodu. Pokud si obytn\u00fd v\u016fz p\u016fj\u010dujete z\u00a0p\u016fj\u010dovny, tyto starosti v\u00e1m odpadaj\u00ed. Obytn\u00fd v\u016fz p\u016fj\u010duj\u00ed ji\u017e kompletn\u011b vybaven\u00fd. Jen vyrazit.\tPe\u010dliv\u011b pl\u00e1nujte trasu, kudy pojedete. Zva\u017ete nap\u0159\u00edklad, jestli jste natolik zdatn\u00fd \u0159idi\u010d, abyste s velk\u00fdm obytn\u00fdm vozem, zvl\u00e1dli n\u011bkter\u00e9 \u00fazk\u00e9 silni\u010dky pln\u00fd serpentin v Alp\u00e1ch nebo t\u0159eba i v Norsku. Uv\u011bdomte si, \u017ee silnice m\u016f\u017ee b\u00fdt n\u011bkter\u00fdch \u00fasec\u00edch tak \u00fazk\u00e1, \u017ee v\u00e1m nezbude, p\u0159i potk\u00e1n\u00ed druh\u00e9ho velk\u00e9ho vozu v protism\u011bru, i n\u011bkolik des\u00edtek metr\u016f couvat.\tV neposledn\u00ed \u0159ad\u011b si pe\u010dliv\u011b zvolte autokempy, kde budete cht\u00edt p\u0159enocovat. Va\u0161e auto je do zna\u010dn\u00e9 m\u00edry sob\u011bsta\u010dn\u00e9, ale \u010das od \u010dasu mus\u00edte doplnit z\u00e1soby, vodu, dob\u00edt baterie. Taky v\u00e1m ubytov\u00e1n\u00ed v kempu p\u0159ijde vhod, proto\u017ee obytn\u00e9 auto sice poskytuje pom\u011brn\u011b slu\u0161n\u00e9 mo\u017enosti jak vy\u0159e\u0161it osobn\u00ed hygienu, ale p\u0159ece jen v\u0161e je velice st\u00edsn\u011bn\u00e9. Tak\u017ee v kempu ur\u010dit\u011b r\u00e1di vyu\u017eijete velkou, pohodlnou sprchu.\t\tP\u0159i cest\u011b do zahrani\u010d\u00ed si p\u0159edem zjist\u011bte, jak\u00e9 m\u00e1te mo\u017enosti, kter\u00e9 se t\u00fdkaj\u00ed p\u0159enocov\u00e1n\u00ed na divoko, v p\u0159\u00edrod\u011b, nebo prost\u011b jen tak n\u011bkde na parkovi\u0161ti. Ve v\u011bt\u0161in\u011b zemi je nap\u0159\u00edklad zak\u00e1z\u00e1no k p\u0159esp\u00e1n\u00ed vyu\u017e\u00edt odpo\u010d\u00edvadla u d\u00e1lnic a silnic prvn\u00ed t\u0159\u00eddy. Vyhnete se tak zbyte\u010dn\u00fdm nep\u0159\u00edjemnostem.\tHezkou dovolenou.                                                                                                                                                                                                                                                                                                                                                                                        4.8\/5 - (10 votes)        "},{"@context":"https:\/\/schema.org\/","@type":"BreadcrumbList","itemListElement":[{"@type":"ListItem","position":1,"name":"Dovolen\u00e1. Jedeme s obytn\u00fdm autem!","item":"https:\/\/www.daipa.cz\/dovolena-jedeme-s-obytnym-autem\/#breadcrumbitem"}]}]